{"id":11966,"date":"2023-09-06T13:30:34","date_gmt":"2023-09-06T13:30:34","guid":{"rendered":"https:\/\/buildext.com\/?p=11966"},"modified":"2023-09-06T13:30:43","modified_gmt":"2023-09-06T13:30:43","slug":"valueteam-podcast-csaba-livjak","status":"publish","type":"post","link":"https:\/\/buildext.com\/en\/valueteam-podcast-csaba-livjak\/","title":{"rendered":"The VALUETEAM podcast with Csaba Livj\u00e1k"},"content":{"rendered":"\n<p><strong>Two podcasts, six months apart, yet it feels like 5 years have passed. Csaba Livj\u00e1k attended for the second time in a bonus episode of the VALUETEAM podcast series.<\/strong><\/p>\n\n\n\n<p>In the bonus episode of the podcast series &#8220;<strong>Exceptional SMEs<\/strong>&#8221; of the VALUETEAM organizational development team, Anna Fodor-Maksai, the professional leader of VALUETEAM, talked to Csaba Livj\u00e1k again.  The aim of the podcast series is to showcase excellent SMEs in a way that not only allows us to get to know them but also to learn as much as possible from them.<\/p>\n\n\n\n<figure class=\"wp-block-embed aligncenter is-type-video is-provider-youtube wp-block-embed-youtube wp-embed-aspect-4-3 wp-has-aspect-ratio\"><div class=\"wp-block-embed__wrapper\">\n<iframe title=\"VALUETEAM PODCAST 1. \u00e9vad 8. b\u00f3nusz epiz\u00f3d Livj\u00e1k Csab\u00e1val\" width=\"500\" height=\"375\" src=\"https:\/\/www.youtube.com\/embed\/lqCDwZ6wDik?feature=oembed\" frameborder=\"0\" allow=\"accelerometer; autoplay; clipboard-write; encrypted-media; gyroscope; picture-in-picture; web-share\" referrerpolicy=\"strict-origin-when-cross-origin\" allowfullscreen><\/iframe>\n<\/div><\/figure>\n\n\n\n<p>&#8220;<em>The world is so buzzing with digitalization and the changes it&#8217;s bringing, that we couldn&#8217;t resist doing another podcast on the subject this year<\/em>&#8221; the creators introduce the second programme. In the weeks following the recording of the first part in November, ChatGPT burst into the public consciousness, and a few months later the Parliament voted the law on the order of public construction projects, which triggered an avalanche of changes in the already turbulent digitalization of the construction industry.<\/p>\n\n\n\n<p>In the episode, among many other things, we hear a frank confession from Csaba Livj\u00e1k, founder and CEO of BuildEXT, who feels himself on a cliff between two precipices: &#8220;<em>On one side is the analog side of the Hungarian construction industry, and on the other side is the synthetic reality driven by digitalization<\/em>&#8220;. While both are within arm&#8217;s reach, they pose completely different challenges in the life of the company, which fundamentally determines both the opportunities for domestic development and the company&#8217;s scope for maneuver.<\/p>\n\n\n\n<div style=\"height:30px\" aria-hidden=\"true\" class=\"wp-block-spacer\"><\/div>\n\n\n\n<div class=\"wp-block-cover alignfull offset-text-left\" style=\"min-height:643px;aspect-ratio:unset;\"><span aria-hidden=\"true\" class=\"wp-block-cover__background has-background-dim-0 has-background-dim\"><\/span><img decoding=\"async\" width=\"1920\" height=\"1076\" class=\"wp-block-cover__image-background wp-image-11959\" alt=\"\" src=\"https:\/\/buildext.com\/wp-content\/uploads\/2023\/09\/digitalis-epiteszet.jpg\" data-object-fit=\"cover\" srcset=\"https:\/\/buildext.com\/wp-content\/uploads\/2023\/09\/digitalis-epiteszet.jpg 1920w, https:\/\/buildext.com\/wp-content\/uploads\/2023\/09\/digitalis-epiteszet-300x168.jpg 300w, https:\/\/buildext.com\/wp-content\/uploads\/2023\/09\/digitalis-epiteszet-768x430.jpg 768w, https:\/\/buildext.com\/wp-content\/uploads\/2023\/09\/digitalis-epiteszet-1536x861.jpg 1536w\" sizes=\"(max-width: 1920px) 100vw, 1920px\" \/><div class=\"wp-block-cover__inner-container is-layout-constrained wp-block-cover-is-layout-constrained\">\n<div class=\"wp-block-group cover-mobile-p is-layout-constrained wp-block-group-is-layout-constrained\">\n<p class=\"has-text-align-left has-white-color has-black-background-color has-text-color has-background has-large-font-size\">Family home design will be <br>a six-dollar app in a few years.<\/p>\n<\/div>\n<\/div><\/div>\n\n\n\n<div style=\"height:30px\" aria-hidden=\"true\" class=\"wp-block-spacer\"><\/div>\n\n\n\n<p>The program discusses the changes in the architecture profession and the challenges of the future, driven by the growth of computing power and the rise of AI.&#8221;<em>Designing buildings is going to be the privilege of a few people in a few years&#8230; as models using big databases come out, a simple single-family house design will be one of those six-dollar apps in a few years I think.<\/em>&#8220;, the CEO said on the subject, and on the attitude to development, he later added: &#8220;<em>in fact, there are no rules, no prescriptions for the future. There is one thing: you have to go for it and do it. And we have to accept that we will face a lot of problems.<\/em>\u201d<\/p>\n\n\n\n<p>Listen to the conversations on the VALUETEAM channels:<\/p>\n\n\n\n<ul class=\"wp-block-list\">\n<li>Autumn 2022, first episode:: <a href=\"https:\/\/www.youtube.com\/watch?v=9z0IkG7_jG8\" target=\"_blank\" rel=\"noopener\">YouTube<\/a>, <a href=\"https:\/\/open.spotify.com\/episode\/0Z76K8bU4CVu0AQRqVofJv\" target=\"_blank\" rel=\"noopener\">Spotify<\/a><\/li>\n\n\n\n<li>Summer, 2023 second episode: <a href=\"https:\/\/www.youtube.com\/watch?v=lqCDwZ6wDik\" target=\"_blank\" rel=\"noopener\">YouTube<\/a>, <a href=\"https:\/\/open.spotify.com\/episode\/1NGlC5FNZortcwQRcgu1Uz\" target=\"_blank\" rel=\"noopener\">Spotify<\/a><\/li>\n<\/ul>\n","protected":false},"excerpt":{"rendered":"<p>In the bonus episode of the podcast series &#8220;Exceptional SMEs&#8221; of the VALUETEAM organizational development team, Anna Fodor-Maksai, the professional leader of VALUETEAM, talked to Csaba Livj\u00e1k again. <\/p>\n","protected":false},"author":2,"featured_media":11964,"comment_status":"closed","ping_status":"closed","sticky":false,"template":"","format":"standard","meta":{"content-type":"","footnotes":""},"categories":[21,371],"tags":[47,183,169],"class_list":["post-11966","post","type-post","status-publish","format-standard","has-post-thumbnail","hentry","category-news","category-publicity","tag-digitalization","tag-podcast-en","tag-presentation"],"_links":{"self":[{"href":"https:\/\/buildext.com\/en\/wp-json\/wp\/v2\/posts\/11966","targetHints":{"allow":["GET"]}}],"collection":[{"href":"https:\/\/buildext.com\/en\/wp-json\/wp\/v2\/posts"}],"about":[{"href":"https:\/\/buildext.com\/en\/wp-json\/wp\/v2\/types\/post"}],"author":[{"embeddable":true,"href":"https:\/\/buildext.com\/en\/wp-json\/wp\/v2\/users\/2"}],"replies":[{"embeddable":true,"href":"https:\/\/buildext.com\/en\/wp-json\/wp\/v2\/comments?post=11966"}],"version-history":[{"count":2,"href":"https:\/\/buildext.com\/en\/wp-json\/wp\/v2\/posts\/11966\/revisions"}],"predecessor-version":[{"id":11968,"href":"https:\/\/buildext.com\/en\/wp-json\/wp\/v2\/posts\/11966\/revisions\/11968"}],"wp:featuredmedia":[{"embeddable":true,"href":"https:\/\/buildext.com\/en\/wp-json\/wp\/v2\/media\/11964"}],"wp:attachment":[{"href":"https:\/\/buildext.com\/en\/wp-json\/wp\/v2\/media?parent=11966"}],"wp:term":[{"taxonomy":"category","embeddable":true,"href":"https:\/\/buildext.com\/en\/wp-json\/wp\/v2\/categories?post=11966"},{"taxonomy":"post_tag","embeddable":true,"href":"https:\/\/buildext.com\/en\/wp-json\/wp\/v2\/tags?post=11966"}],"curies":[{"name":"wp","href":"https:\/\/api.w.org\/{rel}","templated":true}]}}